{"id":2925,"date":"2023-09-05T21:17:45","date_gmt":"2023-09-05T21:17:45","guid":{"rendered":"https:\/\/quantumcarga.com\/?p=2925"},"modified":"2023-09-05T21:21:20","modified_gmt":"2023-09-05T21:21:20","slug":"huawei-celebra-su-15-aniversario-destacando-su-centro-de-distribucion-en-zona-libre-de-colon","status":"publish","type":"post","link":"https:\/\/quantumcarga.net\/en\/huawei-celebra-su-15-aniversario-destacando-su-centro-de-distribucion-en-zona-libre-de-colon\/","title":{"rendered":"HUAWEI CELEBRA SU 15 ANIVERSARIO DESTACANDO SU CENTRO DE DISTRIBUCI\u00d3N EN ZONA LIBRE DE COL\u00d3N"},"content":{"rendered":"<p>\u2022 Zona Libre de Col\u00f3n fue el invitado especial en este evento de aniversario de la multinacional tecnol\u00f3gica.<\/p>\n\n\n\n<p><br>\u2022 El gerente general Giovanni Ferrari expuso sobre la Presencia de Huawei Technologies S.A. en la zona franca.<\/p>\n\n\n\n<p><br>ZOLICOL \u2013 31 de agosto de 2023. Zona Libre de Col\u00f3n fue uno de los invitados especiales al evento de celebraci\u00f3n por el quinceavo aniversario de Huawei Technologies S.A., en la Rep\u00fablica de Panam\u00e1.<\/p>\n\n\n\n<p><br>El Gerente de la Zona libre de Col\u00f3n, Giovanni Ferrari, disert\u00f3 ante los invitados sobre los resultados de la \u201cPresencia de Huawei en la Zona Libre de Col\u00f3n\u201d, donde revel\u00f3 que en el primer semestre de 2023, el centro de distribuci\u00f3n de la multinacional en la zona franca, ha reexportado m\u00e1s de 5 toneladas de tecnolog\u00eda hacia los mercados latinoamericanos y hoy representa el 4% de la actividad comercial de la ZLC.<\/p>\n\n\n\n<p><br>\u201cHemos visto como a trav\u00e9s de los a\u00f1os la empresa ha crecido y ahora maneja unos vol\u00famenes muy importantes para aspirar a convertirse en unos de los usuarios m\u00e1s importantes, en t\u00e9rminos de reexportaciones por valor, desde la Zona Libre de Col\u00f3n hacia los pa\u00edses de la regi\u00f3n\u201d, expres\u00f3 Ferrari en entrevista.<\/p>\n\n\n\n<p><br>Para el Gerente General de la ZLC, el caso de Huawei es un testamento de la viabilidad y del atractivo que tiene la Zona Libre de Col\u00f3n para empresas globales que pueden aprovechar la infraestructura log\u00edstica de la zona franca, para poder surtir a los mercados de la regi\u00f3n. \u201cHuawei es una de las empresas chinas que tenemos, ya estamos viendo otras, un n\u00famero creciente de empresas globales, de marcas chinas que est\u00e1n identificando en la Zona Libre de Col\u00f3n como el punto \u00f3ptimo para poder fortalecer su presencia en los mercados de la regi\u00f3n\u201d, sentenci\u00f3.<\/p>\n\n\n\n<p><br>Destac\u00f3 que, durante el primer semestre de 2023, Huawei ha reexportado m\u00e1s de 5 toneladas de tecnolog\u00eda con un valor de 245 millones de d\u00f3lares. Tambi\u00e9n se refiri\u00f3 al comportamiento de la actividad comercial en general de la Zona Libre de Col\u00f3n, que en t\u00e9rminos generales est\u00e1 teniendo un desempe\u00f1o positivo, donde tanto en importaciones como en reexportaciones presentan n\u00fameros positivos, pronosticando para el cierre del a\u00f1o 2023, cifras estad\u00edsticas mayores a las del 2022.<\/p>\n\n\n\n<p><br>\u201cHablamos de una cifra que ya va por los 7 mil millones de d\u00f3lares en reexportaciones en los primeros 6 meses del a\u00f1o. El a\u00f1o pasado cerramos ligeramente por debajo de los 13 mil millones, as\u00ed es que este a\u00f1o esperamos rondar los 14 mil millones en reexportaciones y \u00bfpor qu\u00e9 no pensar en grande? Llegar a los 15 mil millones en reexportaciones que ser\u00eda una cifra muy buena y que, nuevamente, nos estimula a seguir trabajando para atraer m\u00e1s empresas a la Zona Libre que utilicen nuestra plataforma para accesar a los mercados de Centroam\u00e9rica, el Caribe y de Suram\u00e9rica\u201d, indic\u00f3 el gerente general.<\/p>\n\n\n\n<p>Fuente: <a href=\"https:\/\/www.zolicol.gob.pa\/huawei-celebra-su-15-aniversario-destacando-su-centro-de-distribucion-en-zona-libre-de-colon\/\" data-type=\"link\" data-id=\"https:\/\/www.zolicol.gob.pa\/huawei-celebra-su-15-aniversario-destacando-su-centro-de-distribucion-en-zona-libre-de-colon\/\">Zona libre colon<\/a><\/p>","protected":false},"excerpt":{"rendered":"<p>\u2022 Zona Libre de Col\u00f3n fue el invitado especial en este evento de aniversario de la multinacional tecnol\u00f3gica. \u2022 El gerente general Giovanni Ferrari expuso sobre la Presencia de Huawei Technologies S.A. en la zona franca. ZOLICOL \u2013 31 de agosto de 2023. Zona Libre de Col\u00f3n fue uno de los invitados especiales al evento [&hellip;]<\/p>\n","protected":false},"author":1,"featured_media":2926,"comment_status":"open","ping_status":"open","sticky":false,"template":"","format":"standard","meta":{"_et_pb_use_builder":"off","_et_pb_old_content":"","_et_gb_content_width":"","footnotes":""},"categories":[85],"tags":[],"class_list":["post-2925","post","type-post","status-publish","format-standard","has-post-thumbnail","hentry","category-noticias"],"_links":{"self":[{"href":"https:\/\/quantumcarga.net\/en\/wp-json\/wp\/v2\/posts\/2925","targetHints":{"allow":["GET"]}}],"collection":[{"href":"https:\/\/quantumcarga.net\/en\/wp-json\/wp\/v2\/posts"}],"about":[{"href":"https:\/\/quantumcarga.net\/en\/wp-json\/wp\/v2\/types\/post"}],"author":[{"embeddable":true,"href":"https:\/\/quantumcarga.net\/en\/wp-json\/wp\/v2\/users\/1"}],"replies":[{"embeddable":true,"href":"https:\/\/quantumcarga.net\/en\/wp-json\/wp\/v2\/comments?post=2925"}],"version-history":[{"count":2,"href":"https:\/\/quantumcarga.net\/en\/wp-json\/wp\/v2\/posts\/2925\/revisions"}],"predecessor-version":[{"id":2929,"href":"https:\/\/quantumcarga.net\/en\/wp-json\/wp\/v2\/posts\/2925\/revisions\/2929"}],"wp:featuredmedia":[{"embeddable":true,"href":"https:\/\/quantumcarga.net\/en\/wp-json\/wp\/v2\/media\/2926"}],"wp:attachment":[{"href":"https:\/\/quantumcarga.net\/en\/wp-json\/wp\/v2\/media?parent=2925"}],"wp:term":[{"taxonomy":"category","embeddable":true,"href":"https:\/\/quantumcarga.net\/en\/wp-json\/wp\/v2\/categories?post=2925"},{"taxonomy":"post_tag","embeddable":true,"href":"https:\/\/quantumcarga.net\/en\/wp-json\/wp\/v2\/tags?post=2925"}],"curies":[{"name":"wp","href":"https:\/\/api.w.org\/{rel}","templated":true}]}}